{"id":5778,"date":"2026-02-02T17:11:16","date_gmt":"2026-02-02T16:11:16","guid":{"rendered":"https:\/\/www.lacotedaime.com\/Syndicat-Initiative\/?p=5778"},"modified":"2026-03-27T16:34:46","modified_gmt":"2026-03-27T15:34:46","slug":"soiree-chants-et-contes-a-valezan","status":"publish","type":"post","link":"https:\/\/www.lacotedaime.com\/Syndicat-Initiative\/soiree-chants-et-contes-a-valezan\/","title":{"rendered":"Soir\u00e9e Chants et contes \u00e0 Valezan"},"content":{"rendered":"<p>L&rsquo;association Chants et Traditions et le syndicat d&rsquo;initiative vous convient \u00e0 la salle des f\u00eates de Valezan le samedi 7 mars \u00e0 18h, pour une soir\u00e9e chants et contes, suivie d&rsquo;un verre de l&rsquo;amiti\u00e9<\/p>\n<p><a href=\"https:\/\/www.lacotedaime.com\/Syndicat-Initiative\/wp-content\/uploads\/2026\/02\/Affiche-Valezan-le-07-02-2026-page-001.jpg\"><img decoding=\"async\" class=\"alignnone size-large wp-image-5779\" src=\"https:\/\/www.lacotedaime.com\/Syndicat-Initiative\/wp-content\/uploads\/2026\/02\/Affiche-Valezan-le-07-02-2026-page-001-724x1024.jpg\" alt=\"\" width=\"724\" height=\"1024\" srcset=\"https:\/\/www.lacotedaime.com\/Syndicat-Initiative\/wp-content\/uploads\/2026\/02\/Affiche-Valezan-le-07-02-2026-page-001-724x1024.jpg 724w, https:\/\/www.lacotedaime.com\/Syndicat-Initiative\/wp-content\/uploads\/2026\/02\/Affiche-Valezan-le-07-02-2026-page-001-212x300.jpg 212w, https:\/\/www.lacotedaime.com\/Syndicat-Initiative\/wp-content\/uploads\/2026\/02\/Affiche-Valezan-le-07-02-2026-page-001-768x1086.jpg 768w, https:\/\/www.lacotedaime.com\/Syndicat-Initiative\/wp-content\/uploads\/2026\/02\/Affiche-Valezan-le-07-02-2026-page-001-1086x1536.jpg 1086w, https:\/\/www.lacotedaime.com\/Syndicat-Initiative\/wp-content\/uploads\/2026\/02\/Affiche-Valezan-le-07-02-2026-page-001.jpg 1240w\" sizes=\"(max-width: 724px) 100vw, 724px\" \/><\/a><\/p>\n","protected":false},"excerpt":{"rendered":"<p>L&rsquo;association Chants et Traditions et le syndicat d&rsquo;initiative vous convient \u00e0 la salle des f\u00eates de Valezan le samedi 7 mars \u00e0 18h, pour une soir\u00e9e chants et contes, suivie&hellip; <\/p>\n","protected":false},"author":4,"featured_media":5779,"comment_status":"closed","ping_status":"closed","sticky":false,"template":"","format":"standard","meta":{"footnotes":"","_links_to":"","_links_to_target":""},"categories":[71],"tags":[],"class_list":["post-5778","post","type-post","status-publish","format-standard","has-post-thumbnail","hentry","category-vous-avez-peut-etre-manque"],"_links":{"self":[{"href":"https:\/\/www.lacotedaime.com\/Syndicat-Initiative\/wp-json\/wp\/v2\/posts\/5778","targetHints":{"allow":["GET"]}}],"collection":[{"href":"https:\/\/www.lacotedaime.com\/Syndicat-Initiative\/wp-json\/wp\/v2\/posts"}],"about":[{"href":"https:\/\/www.lacotedaime.com\/Syndicat-Initiative\/wp-json\/wp\/v2\/types\/post"}],"author":[{"embeddable":true,"href":"https:\/\/www.lacotedaime.com\/Syndicat-Initiative\/wp-json\/wp\/v2\/users\/4"}],"replies":[{"embeddable":true,"href":"https:\/\/www.lacotedaime.com\/Syndicat-Initiative\/wp-json\/wp\/v2\/comments?post=5778"}],"version-history":[{"count":1,"href":"https:\/\/www.lacotedaime.com\/Syndicat-Initiative\/wp-json\/wp\/v2\/posts\/5778\/revisions"}],"predecessor-version":[{"id":5780,"href":"https:\/\/www.lacotedaime.com\/Syndicat-Initiative\/wp-json\/wp\/v2\/posts\/5778\/revisions\/5780"}],"wp:featuredmedia":[{"embeddable":true,"href":"https:\/\/www.lacotedaime.com\/Syndicat-Initiative\/wp-json\/wp\/v2\/media\/5779"}],"wp:attachment":[{"href":"https:\/\/www.lacotedaime.com\/Syndicat-Initiative\/wp-json\/wp\/v2\/media?parent=5778"}],"wp:term":[{"taxonomy":"category","embeddable":true,"href":"https:\/\/www.lacotedaime.com\/Syndicat-Initiative\/wp-json\/wp\/v2\/categories?post=5778"},{"taxonomy":"post_tag","embeddable":true,"href":"https:\/\/www.lacotedaime.com\/Syndicat-Initiative\/wp-json\/wp\/v2\/tags?post=5778"}],"curies":[{"name":"wp","href":"https:\/\/api.w.org\/{rel}","templated":true}]}}