{"id":5747,"date":"2025-11-07T09:25:52","date_gmt":"2025-11-07T08:25:52","guid":{"rendered":"https:\/\/www.lacotedaime.com\/Syndicat-Initiative\/?p=5747"},"modified":"2025-12-22T14:50:11","modified_gmt":"2025-12-22T13:50:11","slug":"coupe-des-sapins","status":"publish","type":"post","link":"https:\/\/www.lacotedaime.com\/Syndicat-Initiative\/coupe-des-sapins\/","title":{"rendered":"Coupe des sapins"},"content":{"rendered":"<p>La traditionnelle coupe des sapins aura lieu samedi 13 d\u00e9cembre en pr\u00e9sence de Stephane Le Gal, garde forestier. Alors RDV \u00e0 13h30 devant le bureau du syndicat d&rsquo;initiative.<\/p>\n<p>\u2757 Pensez \u00e0 prendre le mat\u00e9riel ad\u00e9quat, comme indiqu\u00e9 sur l&rsquo;affiche<\/p>\n<p>&nbsp;<\/p>\n<p><a href=\"https:\/\/www.lacotedaime.com\/Syndicat-Initiative\/wp-content\/uploads\/2025\/11\/coupe-sapin-affiche.jpg\"><img decoding=\"async\" class=\"alignnone  wp-image-5748\" src=\"https:\/\/www.lacotedaime.com\/Syndicat-Initiative\/wp-content\/uploads\/2025\/11\/coupe-sapin-affiche-212x300.jpg\" alt=\"\" width=\"280\" height=\"396\" srcset=\"https:\/\/www.lacotedaime.com\/Syndicat-Initiative\/wp-content\/uploads\/2025\/11\/coupe-sapin-affiche-212x300.jpg 212w, https:\/\/www.lacotedaime.com\/Syndicat-Initiative\/wp-content\/uploads\/2025\/11\/coupe-sapin-affiche-724x1024.jpg 724w, https:\/\/www.lacotedaime.com\/Syndicat-Initiative\/wp-content\/uploads\/2025\/11\/coupe-sapin-affiche-768x1086.jpg 768w, https:\/\/www.lacotedaime.com\/Syndicat-Initiative\/wp-content\/uploads\/2025\/11\/coupe-sapin-affiche-1086x1536.jpg 1086w, https:\/\/www.lacotedaime.com\/Syndicat-Initiative\/wp-content\/uploads\/2025\/11\/coupe-sapin-affiche-1448x2048.jpg 1448w, https:\/\/www.lacotedaime.com\/Syndicat-Initiative\/wp-content\/uploads\/2025\/11\/coupe-sapin-affiche.jpg 1587w\" sizes=\"(max-width: 280px) 100vw, 280px\" \/><\/a><\/p>\n","protected":false},"excerpt":{"rendered":"<p>La traditionnelle coupe des sapins aura lieu samedi 13 d\u00e9cembre en pr\u00e9sence de Stephane Le Gal, garde forestier. Alors RDV \u00e0 13h30 devant le bureau du syndicat d&rsquo;initiative. \u2757 Pensez&hellip; <\/p>\n","protected":false},"author":4,"featured_media":5748,"comment_status":"closed","ping_status":"closed","sticky":false,"template":"","format":"standard","meta":{"footnotes":"","_links_to":"","_links_to_target":""},"categories":[71],"tags":[],"class_list":["post-5747","post","type-post","status-publish","format-standard","has-post-thumbnail","hentry","category-vous-avez-peut-etre-manque"],"_links":{"self":[{"href":"https:\/\/www.lacotedaime.com\/Syndicat-Initiative\/wp-json\/wp\/v2\/posts\/5747","targetHints":{"allow":["GET"]}}],"collection":[{"href":"https:\/\/www.lacotedaime.com\/Syndicat-Initiative\/wp-json\/wp\/v2\/posts"}],"about":[{"href":"https:\/\/www.lacotedaime.com\/Syndicat-Initiative\/wp-json\/wp\/v2\/types\/post"}],"author":[{"embeddable":true,"href":"https:\/\/www.lacotedaime.com\/Syndicat-Initiative\/wp-json\/wp\/v2\/users\/4"}],"replies":[{"embeddable":true,"href":"https:\/\/www.lacotedaime.com\/Syndicat-Initiative\/wp-json\/wp\/v2\/comments?post=5747"}],"version-history":[{"count":1,"href":"https:\/\/www.lacotedaime.com\/Syndicat-Initiative\/wp-json\/wp\/v2\/posts\/5747\/revisions"}],"predecessor-version":[{"id":5749,"href":"https:\/\/www.lacotedaime.com\/Syndicat-Initiative\/wp-json\/wp\/v2\/posts\/5747\/revisions\/5749"}],"wp:featuredmedia":[{"embeddable":true,"href":"https:\/\/www.lacotedaime.com\/Syndicat-Initiative\/wp-json\/wp\/v2\/media\/5748"}],"wp:attachment":[{"href":"https:\/\/www.lacotedaime.com\/Syndicat-Initiative\/wp-json\/wp\/v2\/media?parent=5747"}],"wp:term":[{"taxonomy":"category","embeddable":true,"href":"https:\/\/www.lacotedaime.com\/Syndicat-Initiative\/wp-json\/wp\/v2\/categories?post=5747"},{"taxonomy":"post_tag","embeddable":true,"href":"https:\/\/www.lacotedaime.com\/Syndicat-Initiative\/wp-json\/wp\/v2\/tags?post=5747"}],"curies":[{"name":"wp","href":"https:\/\/api.w.org\/{rel}","templated":true}]}}