{"id":5739,"date":"2025-11-07T09:19:32","date_gmt":"2025-11-07T08:19:32","guid":{"rendered":"https:\/\/www.lacotedaime.com\/Syndicat-Initiative\/?p=5739"},"modified":"2025-11-10T15:40:17","modified_gmt":"2025-11-10T14:40:17","slug":"rencontre-savoyarde","status":"publish","type":"post","link":"https:\/\/www.lacotedaime.com\/Syndicat-Initiative\/rencontre-savoyarde\/","title":{"rendered":"Rencontre savoyarde"},"content":{"rendered":"<p>L&rsquo;association chants et traditions de haute tarentaise de La C\u00f4te d&rsquo;Aime, vous propose une rencontre savoyarde samedi 8 novembre \u00e0 18h \u00e0 la salle des f\u00eates de la C\u00f4te d&rsquo;Aime, suivie d&rsquo;un pot de l&rsquo;amiti\u00e9<\/p>\n<p><a href=\"https:\/\/www.lacotedaime.com\/Syndicat-Initiative\/wp-content\/uploads\/2025\/11\/Affiche-La-Cote-d-Aime-8-11-25-page-001.jpg\"><img decoding=\"async\" class=\"alignnone  wp-image-5740\" src=\"https:\/\/www.lacotedaime.com\/Syndicat-Initiative\/wp-content\/uploads\/2025\/11\/Affiche-La-Cote-d-Aime-8-11-25-page-001-212x300.jpg\" alt=\"\" width=\"481\" height=\"681\" srcset=\"https:\/\/www.lacotedaime.com\/Syndicat-Initiative\/wp-content\/uploads\/2025\/11\/Affiche-La-Cote-d-Aime-8-11-25-page-001-212x300.jpg 212w, https:\/\/www.lacotedaime.com\/Syndicat-Initiative\/wp-content\/uploads\/2025\/11\/Affiche-La-Cote-d-Aime-8-11-25-page-001-724x1024.jpg 724w, https:\/\/www.lacotedaime.com\/Syndicat-Initiative\/wp-content\/uploads\/2025\/11\/Affiche-La-Cote-d-Aime-8-11-25-page-001-768x1086.jpg 768w, https:\/\/www.lacotedaime.com\/Syndicat-Initiative\/wp-content\/uploads\/2025\/11\/Affiche-La-Cote-d-Aime-8-11-25-page-001-1086x1536.jpg 1086w, https:\/\/www.lacotedaime.com\/Syndicat-Initiative\/wp-content\/uploads\/2025\/11\/Affiche-La-Cote-d-Aime-8-11-25-page-001.jpg 1240w\" sizes=\"(max-width: 481px) 100vw, 481px\" \/><\/a><\/p>\n","protected":false},"excerpt":{"rendered":"<p>L&rsquo;association chants et traditions de haute tarentaise de La C\u00f4te d&rsquo;Aime, vous propose une rencontre savoyarde samedi 8 novembre \u00e0 18h \u00e0 la salle des f\u00eates de la C\u00f4te d&rsquo;Aime,&hellip; <\/p>\n","protected":false},"author":4,"featured_media":5740,"comment_status":"closed","ping_status":"closed","sticky":false,"template":"","format":"standard","meta":{"footnotes":"","_links_to":"","_links_to_target":""},"categories":[71],"tags":[],"class_list":["post-5739","post","type-post","status-publish","format-standard","has-post-thumbnail","hentry","category-vous-avez-peut-etre-manque"],"_links":{"self":[{"href":"https:\/\/www.lacotedaime.com\/Syndicat-Initiative\/wp-json\/wp\/v2\/posts\/5739","targetHints":{"allow":["GET"]}}],"collection":[{"href":"https:\/\/www.lacotedaime.com\/Syndicat-Initiative\/wp-json\/wp\/v2\/posts"}],"about":[{"href":"https:\/\/www.lacotedaime.com\/Syndicat-Initiative\/wp-json\/wp\/v2\/types\/post"}],"author":[{"embeddable":true,"href":"https:\/\/www.lacotedaime.com\/Syndicat-Initiative\/wp-json\/wp\/v2\/users\/4"}],"replies":[{"embeddable":true,"href":"https:\/\/www.lacotedaime.com\/Syndicat-Initiative\/wp-json\/wp\/v2\/comments?post=5739"}],"version-history":[{"count":1,"href":"https:\/\/www.lacotedaime.com\/Syndicat-Initiative\/wp-json\/wp\/v2\/posts\/5739\/revisions"}],"predecessor-version":[{"id":5741,"href":"https:\/\/www.lacotedaime.com\/Syndicat-Initiative\/wp-json\/wp\/v2\/posts\/5739\/revisions\/5741"}],"wp:featuredmedia":[{"embeddable":true,"href":"https:\/\/www.lacotedaime.com\/Syndicat-Initiative\/wp-json\/wp\/v2\/media\/5740"}],"wp:attachment":[{"href":"https:\/\/www.lacotedaime.com\/Syndicat-Initiative\/wp-json\/wp\/v2\/media?parent=5739"}],"wp:term":[{"taxonomy":"category","embeddable":true,"href":"https:\/\/www.lacotedaime.com\/Syndicat-Initiative\/wp-json\/wp\/v2\/categories?post=5739"},{"taxonomy":"post_tag","embeddable":true,"href":"https:\/\/www.lacotedaime.com\/Syndicat-Initiative\/wp-json\/wp\/v2\/tags?post=5739"}],"curies":[{"name":"wp","href":"https:\/\/api.w.org\/{rel}","templated":true}]}}