{"id":5733,"date":"2025-09-22T09:14:28","date_gmt":"2025-09-22T08:14:28","guid":{"rendered":"https:\/\/www.lacotedaime.com\/Syndicat-Initiative\/?p=5733"},"modified":"2025-09-29T11:30:19","modified_gmt":"2025-09-29T10:30:19","slug":"atelier-fabrication-de-savon","status":"publish","type":"post","link":"https:\/\/www.lacotedaime.com\/Syndicat-Initiative\/atelier-fabrication-de-savon\/","title":{"rendered":"Atelier fabrication de savon"},"content":{"rendered":"<h1 style=\"text-align: center;\">Atelier fabrication de savon<\/h1>\n<p>&nbsp;<\/p>\n<p>Dimanche 28 septembre \u00e0 15h, rdv \u00e0 l&rsquo;Auberge de Valezan pour un atelier fabrication de savon avec La Marmotte \u00e0 bulles<\/p>\n<p>A partir de 10 ans<br \/>\n45\u20ac par personne atelier et go\u00fbter<\/p>\n<p>Inscriptions aupr\u00e8s de l&rsquo;Auberge<\/p>\n<p>&nbsp;<\/p>\n<p><a href=\"https:\/\/www.lacotedaime.com\/Syndicat-Initiative\/wp-content\/uploads\/2025\/09\/Atelier-fabrication-de-savons-28-sept-page-001.jpg\"><img decoding=\"async\" class=\"alignnone wp-image-5713 size-large\" src=\"https:\/\/www.lacotedaime.com\/Syndicat-Initiative\/wp-content\/uploads\/2025\/09\/Atelier-fabrication-de-savons-28-sept-page-001-724x1024.jpg\" alt=\"\" width=\"724\" height=\"1024\" srcset=\"https:\/\/www.lacotedaime.com\/Syndicat-Initiative\/wp-content\/uploads\/2025\/09\/Atelier-fabrication-de-savons-28-sept-page-001-724x1024.jpg 724w, https:\/\/www.lacotedaime.com\/Syndicat-Initiative\/wp-content\/uploads\/2025\/09\/Atelier-fabrication-de-savons-28-sept-page-001-212x300.jpg 212w, https:\/\/www.lacotedaime.com\/Syndicat-Initiative\/wp-content\/uploads\/2025\/09\/Atelier-fabrication-de-savons-28-sept-page-001-768x1086.jpg 768w, https:\/\/www.lacotedaime.com\/Syndicat-Initiative\/wp-content\/uploads\/2025\/09\/Atelier-fabrication-de-savons-28-sept-page-001-1086x1536.jpg 1086w, https:\/\/www.lacotedaime.com\/Syndicat-Initiative\/wp-content\/uploads\/2025\/09\/Atelier-fabrication-de-savons-28-sept-page-001.jpg 1241w\" sizes=\"(max-width: 724px) 100vw, 724px\" \/><\/a><\/p>\n","protected":false},"excerpt":{"rendered":"<p>Atelier fabrication de savon &nbsp; Dimanche 28 septembre \u00e0 15h, rdv \u00e0 l&rsquo;Auberge de Valezan pour un atelier fabrication de savon avec La Marmotte \u00e0 bulles A partir de 10&hellip; <\/p>\n","protected":false},"author":4,"featured_media":5713,"comment_status":"closed","ping_status":"closed","sticky":false,"template":"","format":"standard","meta":{"footnotes":"","_links_to":"","_links_to_target":""},"categories":[71],"tags":[],"class_list":["post-5733","post","type-post","status-publish","format-standard","has-post-thumbnail","hentry","category-vous-avez-peut-etre-manque"],"_links":{"self":[{"href":"https:\/\/www.lacotedaime.com\/Syndicat-Initiative\/wp-json\/wp\/v2\/posts\/5733","targetHints":{"allow":["GET"]}}],"collection":[{"href":"https:\/\/www.lacotedaime.com\/Syndicat-Initiative\/wp-json\/wp\/v2\/posts"}],"about":[{"href":"https:\/\/www.lacotedaime.com\/Syndicat-Initiative\/wp-json\/wp\/v2\/types\/post"}],"author":[{"embeddable":true,"href":"https:\/\/www.lacotedaime.com\/Syndicat-Initiative\/wp-json\/wp\/v2\/users\/4"}],"replies":[{"embeddable":true,"href":"https:\/\/www.lacotedaime.com\/Syndicat-Initiative\/wp-json\/wp\/v2\/comments?post=5733"}],"version-history":[{"count":1,"href":"https:\/\/www.lacotedaime.com\/Syndicat-Initiative\/wp-json\/wp\/v2\/posts\/5733\/revisions"}],"predecessor-version":[{"id":5734,"href":"https:\/\/www.lacotedaime.com\/Syndicat-Initiative\/wp-json\/wp\/v2\/posts\/5733\/revisions\/5734"}],"wp:featuredmedia":[{"embeddable":true,"href":"https:\/\/www.lacotedaime.com\/Syndicat-Initiative\/wp-json\/wp\/v2\/media\/5713"}],"wp:attachment":[{"href":"https:\/\/www.lacotedaime.com\/Syndicat-Initiative\/wp-json\/wp\/v2\/media?parent=5733"}],"wp:term":[{"taxonomy":"category","embeddable":true,"href":"https:\/\/www.lacotedaime.com\/Syndicat-Initiative\/wp-json\/wp\/v2\/categories?post=5733"},{"taxonomy":"post_tag","embeddable":true,"href":"https:\/\/www.lacotedaime.com\/Syndicat-Initiative\/wp-json\/wp\/v2\/tags?post=5733"}],"curies":[{"name":"wp","href":"https:\/\/api.w.org\/{rel}","templated":true}]}}