{"id":5238,"date":"2024-08-22T15:35:57","date_gmt":"2024-08-22T14:35:57","guid":{"rendered":"http:\/\/www.lacotedaime.com\/Syndicat-Initiative\/?p=5238"},"modified":"2025-09-12T13:58:31","modified_gmt":"2025-09-12T12:58:31","slug":"le-musee-de-la-fruitiere-de-la-cote-daime","status":"publish","type":"post","link":"https:\/\/www.lacotedaime.com\/Syndicat-Initiative\/le-musee-de-la-fruitiere-de-la-cote-daime\/","title":{"rendered":"Le Mus\u00e9e de La Fruiti\u00e8re de La C\u00f4te d&rsquo;Aime"},"content":{"rendered":"<h2>La Fruiti\u00e8re<\/h2>\n<p><a href=\"https:\/\/www.lacotedaime.com\/Syndicat-Initiative\/wp-content\/uploads\/2024\/08\/20240815_122530-scaled.jpg\"><img decoding=\"async\" class=\"alignright size-medium wp-image-5240\" src=\"https:\/\/www.lacotedaime.com\/Syndicat-Initiative\/wp-content\/uploads\/2024\/08\/20240815_122530-300x169.jpg\" alt=\"\" width=\"300\" height=\"169\" srcset=\"https:\/\/www.lacotedaime.com\/Syndicat-Initiative\/wp-content\/uploads\/2024\/08\/20240815_122530-300x169.jpg 300w, https:\/\/www.lacotedaime.com\/Syndicat-Initiative\/wp-content\/uploads\/2024\/08\/20240815_122530-1024x576.jpg 1024w, https:\/\/www.lacotedaime.com\/Syndicat-Initiative\/wp-content\/uploads\/2024\/08\/20240815_122530-768x432.jpg 768w, https:\/\/www.lacotedaime.com\/Syndicat-Initiative\/wp-content\/uploads\/2024\/08\/20240815_122530-1536x864.jpg 1536w, https:\/\/www.lacotedaime.com\/Syndicat-Initiative\/wp-content\/uploads\/2024\/08\/20240815_122530-2048x1152.jpg 2048w, https:\/\/www.lacotedaime.com\/Syndicat-Initiative\/wp-content\/uploads\/2024\/08\/20240815_122530-1200x675.jpg 1200w\" sizes=\"(max-width: 300px) 100vw, 300px\" \/> &nbsp;<\/a><a href=\"https:\/\/www.lacotedaime.com\/Syndicat-Initiative\/wp-content\/uploads\/2024\/08\/20240815_122604-scaled.jpg\"><img decoding=\"async\" class=\"alignright size-medium wp-image-5242\" src=\"https:\/\/www.lacotedaime.com\/Syndicat-Initiative\/wp-content\/uploads\/2024\/08\/20240815_122604-300x169.jpg\" alt=\"\" width=\"300\" height=\"169\" srcset=\"https:\/\/www.lacotedaime.com\/Syndicat-Initiative\/wp-content\/uploads\/2024\/08\/20240815_122604-300x169.jpg 300w, https:\/\/www.lacotedaime.com\/Syndicat-Initiative\/wp-content\/uploads\/2024\/08\/20240815_122604-1024x576.jpg 1024w, https:\/\/www.lacotedaime.com\/Syndicat-Initiative\/wp-content\/uploads\/2024\/08\/20240815_122604-768x432.jpg 768w, https:\/\/www.lacotedaime.com\/Syndicat-Initiative\/wp-content\/uploads\/2024\/08\/20240815_122604-1536x864.jpg 1536w, https:\/\/www.lacotedaime.com\/Syndicat-Initiative\/wp-content\/uploads\/2024\/08\/20240815_122604-2048x1152.jpg 2048w, https:\/\/www.lacotedaime.com\/Syndicat-Initiative\/wp-content\/uploads\/2024\/08\/20240815_122604-1200x675.jpg 1200w\" sizes=\"(max-width: 300px) 100vw, 300px\" \/><\/a><\/p>\n<p>La fruiti\u00e8re de La C\u00f4te d\u2019Aime n&rsquo;est plus en activit\u00e9 depuis les ann\u00e9es 1970. Elle est d\u00e9sormais un mus\u00e9e t\u00e9moignant du patrimoine local.&nbsp;<\/p>\n<p>Vous y trouverez de nombreux objets qui ont servis \u00e0 la fabrication du beaufort, ainsi qu&rsquo;un film comment\u00e9 par Albert Ollinet, le dernier fromager \u00e0 avoir travaill\u00e9 \u00e0 la Fruiti\u00e8re de La C\u00f4te d\u2019Aime.<\/p>\n<p>Visites de groupe ou individuel sur rendez-vous tout au long de l\u2019ann\u00e9e.<\/p>\n<p>&nbsp;<\/p>\n<p><strong>Pour tout renseignement, contactez le Syndicat d&rsquo;initiative au 07.66.09.78.94 ou par mail \u00e0 si.lacotedaime@free.fr<\/strong><\/p>\n<p>&nbsp;<\/p>\n<p><a href=\"https:\/\/www.lacotedaime.com\/Syndicat-Initiative\/wp-content\/uploads\/2024\/08\/20240815_122544-scaled.jpg\"><img decoding=\"async\" class=\"size-medium wp-image-5241 alignleft\" src=\"https:\/\/www.lacotedaime.com\/Syndicat-Initiative\/wp-content\/uploads\/2024\/08\/20240815_122544-169x300.jpg\" alt=\"\" width=\"169\" height=\"300\" srcset=\"https:\/\/www.lacotedaime.com\/Syndicat-Initiative\/wp-content\/uploads\/2024\/08\/20240815_122544-169x300.jpg 169w, https:\/\/www.lacotedaime.com\/Syndicat-Initiative\/wp-content\/uploads\/2024\/08\/20240815_122544-576x1024.jpg 576w, https:\/\/www.lacotedaime.com\/Syndicat-Initiative\/wp-content\/uploads\/2024\/08\/20240815_122544-768x1365.jpg 768w, https:\/\/www.lacotedaime.com\/Syndicat-Initiative\/wp-content\/uploads\/2024\/08\/20240815_122544-864x1536.jpg 864w, https:\/\/www.lacotedaime.com\/Syndicat-Initiative\/wp-content\/uploads\/2024\/08\/20240815_122544-1152x2048.jpg 1152w, https:\/\/www.lacotedaime.com\/Syndicat-Initiative\/wp-content\/uploads\/2024\/08\/20240815_122544-1200x2133.jpg 1200w, https:\/\/www.lacotedaime.com\/Syndicat-Initiative\/wp-content\/uploads\/2024\/08\/20240815_122544-scaled.jpg 1441w\" sizes=\"(max-width: 169px) 100vw, 169px\" \/><\/a> <a href=\"https:\/\/www.lacotedaime.com\/Syndicat-Initiative\/wp-content\/uploads\/2024\/08\/20240815_122639-scaled.jpg\">&nbsp;<img decoding=\"async\" class=\"size-medium wp-image-5243 alignleft\" src=\"https:\/\/www.lacotedaime.com\/Syndicat-Initiative\/wp-content\/uploads\/2024\/08\/20240815_122639-169x300.jpg\" alt=\"\" width=\"169\" height=\"300\" srcset=\"https:\/\/www.lacotedaime.com\/Syndicat-Initiative\/wp-content\/uploads\/2024\/08\/20240815_122639-169x300.jpg 169w, https:\/\/www.lacotedaime.com\/Syndicat-Initiative\/wp-content\/uploads\/2024\/08\/20240815_122639-576x1024.jpg 576w, https:\/\/www.lacotedaime.com\/Syndicat-Initiative\/wp-content\/uploads\/2024\/08\/20240815_122639-768x1365.jpg 768w, https:\/\/www.lacotedaime.com\/Syndicat-Initiative\/wp-content\/uploads\/2024\/08\/20240815_122639-864x1536.jpg 864w, https:\/\/www.lacotedaime.com\/Syndicat-Initiative\/wp-content\/uploads\/2024\/08\/20240815_122639-1152x2048.jpg 1152w, https:\/\/www.lacotedaime.com\/Syndicat-Initiative\/wp-content\/uploads\/2024\/08\/20240815_122639-1200x2133.jpg 1200w, https:\/\/www.lacotedaime.com\/Syndicat-Initiative\/wp-content\/uploads\/2024\/08\/20240815_122639-scaled.jpg 1441w\" sizes=\"(max-width: 169px) 100vw, 169px\" \/><\/a> &nbsp;<a href=\"https:\/\/www.lacotedaime.com\/Syndicat-Initiative\/wp-content\/uploads\/2024\/08\/20240815_122717-scaled.jpg\"><img decoding=\"async\" class=\"size-medium wp-image-5245 alignleft\" src=\"https:\/\/www.lacotedaime.com\/Syndicat-Initiative\/wp-content\/uploads\/2024\/08\/20240815_122717-169x300.jpg\" alt=\"\" width=\"169\" height=\"300\" srcset=\"https:\/\/www.lacotedaime.com\/Syndicat-Initiative\/wp-content\/uploads\/2024\/08\/20240815_122717-169x300.jpg 169w, https:\/\/www.lacotedaime.com\/Syndicat-Initiative\/wp-content\/uploads\/2024\/08\/20240815_122717-576x1024.jpg 576w, https:\/\/www.lacotedaime.com\/Syndicat-Initiative\/wp-content\/uploads\/2024\/08\/20240815_122717-768x1365.jpg 768w, https:\/\/www.lacotedaime.com\/Syndicat-Initiative\/wp-content\/uploads\/2024\/08\/20240815_122717-864x1536.jpg 864w, https:\/\/www.lacotedaime.com\/Syndicat-Initiative\/wp-content\/uploads\/2024\/08\/20240815_122717-1152x2048.jpg 1152w, https:\/\/www.lacotedaime.com\/Syndicat-Initiative\/wp-content\/uploads\/2024\/08\/20240815_122717-1200x2133.jpg 1200w, https:\/\/www.lacotedaime.com\/Syndicat-Initiative\/wp-content\/uploads\/2024\/08\/20240815_122717-scaled.jpg 1441w\" sizes=\"(max-width: 169px) 100vw, 169px\" \/><\/a><\/p>\n<p>&nbsp;<\/p>\n","protected":false},"excerpt":{"rendered":"<p>La Fruiti\u00e8re &nbsp; La fruiti\u00e8re de La C\u00f4te d\u2019Aime n&rsquo;est plus en activit\u00e9 depuis les ann\u00e9es 1970. Elle est d\u00e9sormais un mus\u00e9e t\u00e9moignant du patrimoine local.&nbsp; Vous y trouverez de&hellip; <\/p>\n","protected":false},"author":4,"featured_media":5239,"comment_status":"closed","ping_status":"closed","sticky":false,"template":"","format":"standard","meta":{"footnotes":"","_links_to":"","_links_to_target":""},"categories":[75],"tags":[],"class_list":["post-5238","post","type-post","status-publish","format-standard","has-post-thumbnail","hentry","category-sur-reservation"],"_links":{"self":[{"href":"https:\/\/www.lacotedaime.com\/Syndicat-Initiative\/wp-json\/wp\/v2\/posts\/5238","targetHints":{"allow":["GET"]}}],"collection":[{"href":"https:\/\/www.lacotedaime.com\/Syndicat-Initiative\/wp-json\/wp\/v2\/posts"}],"about":[{"href":"https:\/\/www.lacotedaime.com\/Syndicat-Initiative\/wp-json\/wp\/v2\/types\/post"}],"author":[{"embeddable":true,"href":"https:\/\/www.lacotedaime.com\/Syndicat-Initiative\/wp-json\/wp\/v2\/users\/4"}],"replies":[{"embeddable":true,"href":"https:\/\/www.lacotedaime.com\/Syndicat-Initiative\/wp-json\/wp\/v2\/comments?post=5238"}],"version-history":[{"count":5,"href":"https:\/\/www.lacotedaime.com\/Syndicat-Initiative\/wp-json\/wp\/v2\/posts\/5238\/revisions"}],"predecessor-version":[{"id":5625,"href":"https:\/\/www.lacotedaime.com\/Syndicat-Initiative\/wp-json\/wp\/v2\/posts\/5238\/revisions\/5625"}],"wp:featuredmedia":[{"embeddable":true,"href":"https:\/\/www.lacotedaime.com\/Syndicat-Initiative\/wp-json\/wp\/v2\/media\/5239"}],"wp:attachment":[{"href":"https:\/\/www.lacotedaime.com\/Syndicat-Initiative\/wp-json\/wp\/v2\/media?parent=5238"}],"wp:term":[{"taxonomy":"category","embeddable":true,"href":"https:\/\/www.lacotedaime.com\/Syndicat-Initiative\/wp-json\/wp\/v2\/categories?post=5238"},{"taxonomy":"post_tag","embeddable":true,"href":"https:\/\/www.lacotedaime.com\/Syndicat-Initiative\/wp-json\/wp\/v2\/tags?post=5238"}],"curies":[{"name":"wp","href":"https:\/\/api.w.org\/{rel}","templated":true}]}}